



 

{"id":1646,"date":"2021-11-09T20:04:58","date_gmt":"2021-11-09T19:04:58","guid":{"rendered":"https:\/\/www.seqconsulting.be\/?p=1646"},"modified":"2021-11-09T20:05:03","modified_gmt":"2021-11-09T19:05:03","slug":"les-ntic-et-jeunes-agri-entrepreneurs-en-rdc","status":"publish","type":"post","link":"https:\/\/www.seqconsulting.be\/fr\/2021\/11\/les-ntic-et-jeunes-agri-entrepreneurs-en-rdc\/","title":{"rendered":"Les NTIC et jeunes agri-entrepreneurs en RDC"},"content":{"rendered":"\n<p><\/p>\n\n\n\n<p>La main d\u2019\u0153uvre jeune et qualifi\u00e9e devient de plus en plus absente dans le secteur agricole en RDC. La ru\u00e9e vers l\u2019exploitation artisanale des minerais accapare la jeunesse au d\u00e9triment de travaux agricoles. L\u2019Etat congolais n\u2019arrive toujours pas \u00e0 arr\u00eater une politique claire dans le domaine de l\u2019agropastoral.<\/p>\n\n\n\n<p>Malgr\u00e9 ses 75 millions des terres arables, la RDC d\u00e9pense des milliards de devises pour l\u2019importation des vivres. La production nationale en denr\u00e9es alimentaires n\u2019arrive pas \u00e0 r\u00e9pondre \u00e0 la demande de la population congolaise estim\u00e9e \u00e0 80 millions d\u2019habitants.<\/p>\n\n\n\n<p>L\u2019acc\u00e8s \u00e0 l\u2019emploi des jeunes demeure un probl\u00e8me crucial en RDC. D\u2019apr\u00e8s le dernier sondage U-report du Fonds des nations unies pour l\u2019enfance (Unicef), 78% des jeunes interrog\u00e9s n\u2019ont pas de travail. En outre, 25% des jeunes ne trouvent pas des opportunit\u00e9s d\u2019emploi dans leurs fili\u00e8res d\u2019\u00e9tudes. Pour survivre malgr\u00e9 leurs dipl\u00f4mes, bon nombre de jeunes congolais se lancent dans l\u2019entrepreneuriat agricole.<\/p>\n\n\n\n<p>Placide Ntole est avocat au barreau de Bukavu, il est en m\u00eame temps jeune entrepreneur et coordonnateur de l\u2019organisation \u00ab&nbsp;Kazi Action&nbsp;\u00bb, une organisation qui accompagne les jeunes entrepreneurs dans diff\u00e9rents domaines, notamment la pisciculture, l\u2019agriculture, l\u2019\u00e9levage et la transformation des d\u00e9chets. D\u00e9j\u00e0 \u00e0 l\u2019universit\u00e9, ce jeune \u00e9tudiant r\u00e9fl\u00e9chissait avec ses camarades sur la mani\u00e8re de contourner le ch\u00f4mage. Aujourd\u2019hui, \u00ab&nbsp;Kazi Action&nbsp;\u00bb dispose d\u2019une dizaine d\u2019\u00e9tangs piscicoles \u00e9parpill\u00e9s dans 3 territoires de la province du Sud-Kivu.<\/p>\n\n\n\n<p><strong><em>Agriculture sur multim\u00e9dia<\/em><\/strong><strong><\/strong><\/p>\n\n\n\n<p>Les t\u00e9l\u00e9phones mobiles figurent parmi les outils permettant un acc\u00e8s facile au partage de l\u2019information. Dans un s\u00e9minaire r\u00e9unissant les jeunes des pays ACP (Afrique, Cara\u00efbe, Pacifique), un sp\u00e9cialiste kenyan en technologies de l\u2019information a vant\u00e9 les performances d\u2019un jeune homme vivant en milieu rural qui a r\u00e9ussi \u00e0 diversifier ses activit\u00e9s agricoles gr\u00e2ce aux informations recueillies dans un bulletin \u00e9lectronique via son outil portable.<\/p>\n\n\n\n<p>Des moyens innovants sont n\u00e9cessaires pour exploiter les potentialit\u00e9s agricoles en saisissant notamment les nouvelles opportunit\u00e9s qu\u2019offre l\u2019utilisation des TIC. Ces technologies peuvent s\u2019int\u00e9grer dans tous les milieux socio-\u00e9conomiques, y compris dans les r\u00e9gions rurales isol\u00e9es. En RDC, cette option parait confort\u00e9e par le financement de pr\u00e8s de 92 millions de dollars de la Banque mondiale, destin\u00e9 au d\u00e9ploiement de la fibre optique pour relier Kinshasa \u00e0 l\u2019Est du pays.<\/p>\n\n\n\n<p>Placide Ntole reconnait l\u2019apport des NTIC dans l\u2019entrepreneuriat agropastoral&nbsp;:<em>\u00ab&nbsp;La nouvelle technologie, nous la pratiquons dans tout ce que nous faisons. Premi\u00e8rement, elle nous permet de faire connaitre nos activit\u00e9s. A partir des r\u00e9seaux sociaux, nous sommes identifi\u00e9s par les consommateurs. Des personnes que nous ne connaissons pas, elles nous connaissent par le truchement des informations qu\u2019elles ont lues sur la toile et le travail que nous faisons. Le NTIC fait connaitre aussi notre produit et nous devenons une r\u00e9f\u00e9rence. D\u00e9sormais, gr\u00e2ce \u00e0 la nouvelle technologie, avant d\u2019aller p\u00eacher nos poissons, ou avant d\u2019abattre une certaine quantit\u00e9 de porcs, nous nous rassurons de la demande et invitons les clients \u00e0 souscrire afin d\u2019avoir une livraison \u00e0 domicile. Avec le num\u00e9rique, les transactions sont rapides et le consommateur peut r\u00e9agir sur la qualit\u00e9 des services&nbsp;\u00bb.<\/em><\/p>\n\n\n\n<p>Le num\u00e9rique a aussi facilit\u00e9 les \u00e9changes en p\u00e9riode de confinement li\u00e9 au Covid-19. Ainsi, avec la fermeture des fronti\u00e8res et l\u2019effritement des \u00e9changes commerciaux avec les pays voisins, en l\u2019occurrence le Burundi et le Rwanda, les jeunes entrepreneurs regroup\u00e9s au sein de \u00ab&nbsp;Kazi Action&nbsp;\u00bb ont fait un repli strat\u00e9gique \u00e0 l\u2019int\u00e9rieur et, se sont d\u00e9ploy\u00e9s dans diff\u00e9rents sites. Durant leur s\u00e9jour, ils ont produit des l\u00e9gumes, des poissons et ont m\u00eame fait des livraisons \u00e0 domicile parce que les populations \u00e9taient interdites de sortir. Donc, c\u2019est gr\u00e2ce \u00e0 la nouvelle technologie via facebook et whatsApp que les communaut\u00e9s ont continu\u00e9 \u00e0 communiquer entre elles malgr\u00e9 les privations impos\u00e9es par le coronavirus.<\/p>\n\n\n\n<p><strong><em>Les NTIC, un soutien au secteur agricole en RDC<\/em><\/strong><\/p>\n\n\n\n<p>Loin d\u2019atteindre le stade requis en RDC, des projets TIC devraient cependant \u00eatre encourag\u00e9s, particuli\u00e8rement ceux destin\u00e9s aux entrepreneurs agribusiness, \u00e0 l\u2019implantation et \u00e0 l\u2019\u00e9quipement des parcs agro-industriels, \u00e0 l\u2019organisation des meetings agribusiness. Pour le minist\u00e8re congolais de l\u2019agriculture, cela serait un bon d\u00e9part. Il devrait, en outre, ouvrir un grand nombre de jeunes \u00e0 ces projets.<\/p>\n\n\n\n<p><strong>A.S<\/strong><\/p>\n","protected":false},"excerpt":{"rendered":"<p>La main d\u2019\u0153uvre jeune et qualifi\u00e9e devient de plus en plus absente dans le secteur agricole en RDC. La ru\u00e9e vers l\u2019exploitation artisanale des minerais accapare la jeunesse au d\u00e9triment de travaux agricoles. L\u2019Etat congolais n\u2019arrive toujours pas \u00e0 arr\u00eater une politique claire dans le domaine de l\u2019agropastoral. Malgr\u00e9 ses 75 millions des terres arables, [&hellip;]<\/p>\n","protected":false},"author":2,"featured_media":0,"comment_status":"closed","ping_status":"closed","sticky":false,"template":"","format":"standard","meta":{"_acf_changed":false,"footnotes":""},"categories":[45,42],"tags":[],"class_list":["post-1646","post","type-post","status-publish","format-standard","hentry","category-articles-recents","category-info-fr"],"acf":[],"yoast_head":"<!-- This site is optimized with the Yoast SEO plugin v27.5 - https:\/\/yoast.com\/product\/yoast-seo-wordpress\/ -->\n<title>Les NTIC et jeunes agri-entrepreneurs en RDC - SEQ Consulting<\/title>\n<meta name=\"robots\" content=\"index, follow, max-snippet:-1, max-image-preview:large, max-video-preview:-1\" \/>\n<link rel=\"canonical\" href=\"https:\/\/www.seqconsulting.be\/fr\/2021\/11\/les-ntic-et-jeunes-agri-entrepreneurs-en-rdc\/\" \/>\n<meta property=\"og:locale\" content=\"fr_FR\" \/>\n<meta property=\"og:type\" content=\"article\" \/>\n<meta property=\"og:title\" content=\"Les NTIC et jeunes agri-entrepreneurs en RDC - SEQ Consulting\" \/>\n<meta property=\"og:description\" content=\"La main d\u2019\u0153uvre jeune et qualifi\u00e9e devient de plus en plus absente dans le secteur agricole en RDC. La ru\u00e9e vers l\u2019exploitation artisanale des minerais accapare la jeunesse au d\u00e9triment de travaux agricoles. L\u2019Etat congolais n\u2019arrive toujours pas \u00e0 arr\u00eater une politique claire dans le domaine de l\u2019agropastoral. Malgr\u00e9 ses 75 millions des terres arables, [&hellip;]\" \/>\n<meta property=\"og:url\" content=\"https:\/\/www.seqconsulting.be\/fr\/2021\/11\/les-ntic-et-jeunes-agri-entrepreneurs-en-rdc\/\" \/>\n<meta property=\"og:site_name\" content=\"SEQ Consulting\" \/>\n<meta property=\"article:published_time\" content=\"2021-11-09T19:04:58+00:00\" \/>\n<meta property=\"article:modified_time\" content=\"2021-11-09T19:05:03+00:00\" \/>\n<meta name=\"author\" content=\"SEQ\" \/>\n<meta name=\"twitter:label1\" content=\"\u00c9crit par\" \/>\n\t<meta name=\"twitter:data1\" content=\"SEQ\" \/>\n\t<meta name=\"twitter:label2\" content=\"Dur\u00e9e de lecture estim\u00e9e\" \/>\n\t<meta name=\"twitter:data2\" content=\"3 minutes\" \/>\n<script type=\"application\/ld+json\" class=\"yoast-schema-graph\">{\"@context\":\"https:\\\/\\\/schema.org\",\"@graph\":[{\"@type\":\"Article\",\"@id\":\"https:\\\/\\\/www.seqconsulting.be\\\/fr\\\/2021\\\/11\\\/les-ntic-et-jeunes-agri-entrepreneurs-en-rdc\\\/#article\",\"isPartOf\":{\"@id\":\"https:\\\/\\\/www.seqconsulting.be\\\/fr\\\/2021\\\/11\\\/les-ntic-et-jeunes-agri-entrepreneurs-en-rdc\\\/\"},\"author\":{\"name\":\"SEQ\",\"@id\":\"https:\\\/\\\/www.seqconsulting.be\\\/fr\\\/#\\\/schema\\\/person\\\/39636ae26b86d5db78798df53904c14d\"},\"headline\":\"Les NTIC et jeunes agri-entrepreneurs en RDC\",\"datePublished\":\"2021-11-09T19:04:58+00:00\",\"dateModified\":\"2021-11-09T19:05:03+00:00\",\"mainEntityOfPage\":{\"@id\":\"https:\\\/\\\/www.seqconsulting.be\\\/fr\\\/2021\\\/11\\\/les-ntic-et-jeunes-agri-entrepreneurs-en-rdc\\\/\"},\"wordCount\":789,\"publisher\":{\"@id\":\"https:\\\/\\\/www.seqconsulting.be\\\/fr\\\/#organization\"},\"articleSection\":[\"Articles r\u00e9cents\",\"Info\"],\"inLanguage\":\"fr-FR\"},{\"@type\":\"WebPage\",\"@id\":\"https:\\\/\\\/www.seqconsulting.be\\\/fr\\\/2021\\\/11\\\/les-ntic-et-jeunes-agri-entrepreneurs-en-rdc\\\/\",\"url\":\"https:\\\/\\\/www.seqconsulting.be\\\/fr\\\/2021\\\/11\\\/les-ntic-et-jeunes-agri-entrepreneurs-en-rdc\\\/\",\"name\":\"Les NTIC et jeunes agri-entrepreneurs en RDC - SEQ Consulting\",\"isPartOf\":{\"@id\":\"https:\\\/\\\/www.seqconsulting.be\\\/fr\\\/#website\"},\"datePublished\":\"2021-11-09T19:04:58+00:00\",\"dateModified\":\"2021-11-09T19:05:03+00:00\",\"breadcrumb\":{\"@id\":\"https:\\\/\\\/www.seqconsulting.be\\\/fr\\\/2021\\\/11\\\/les-ntic-et-jeunes-agri-entrepreneurs-en-rdc\\\/#breadcrumb\"},\"inLanguage\":\"fr-FR\",\"potentialAction\":[{\"@type\":\"ReadAction\",\"target\":[\"https:\\\/\\\/www.seqconsulting.be\\\/fr\\\/2021\\\/11\\\/les-ntic-et-jeunes-agri-entrepreneurs-en-rdc\\\/\"]}]},{\"@type\":\"BreadcrumbList\",\"@id\":\"https:\\\/\\\/www.seqconsulting.be\\\/fr\\\/2021\\\/11\\\/les-ntic-et-jeunes-agri-entrepreneurs-en-rdc\\\/#breadcrumb\",\"itemListElement\":[{\"@type\":\"ListItem\",\"position\":1,\"name\":\"Home\",\"item\":\"https:\\\/\\\/www.seqconsulting.be\\\/fr\\\/\"},{\"@type\":\"ListItem\",\"position\":2,\"name\":\"Les NTIC et jeunes agri-entrepreneurs en RDC\"}]},{\"@type\":\"WebSite\",\"@id\":\"https:\\\/\\\/www.seqconsulting.be\\\/fr\\\/#website\",\"url\":\"https:\\\/\\\/www.seqconsulting.be\\\/fr\\\/\",\"name\":\"SEQ Consulting\",\"description\":\"SEQ Consulting\",\"publisher\":{\"@id\":\"https:\\\/\\\/www.seqconsulting.be\\\/fr\\\/#organization\"},\"potentialAction\":[{\"@type\":\"SearchAction\",\"target\":{\"@type\":\"EntryPoint\",\"urlTemplate\":\"https:\\\/\\\/www.seqconsulting.be\\\/fr\\\/?s={search_term_string}\"},\"query-input\":{\"@type\":\"PropertyValueSpecification\",\"valueRequired\":true,\"valueName\":\"search_term_string\"}}],\"inLanguage\":\"fr-FR\"},{\"@type\":\"Organization\",\"@id\":\"https:\\\/\\\/www.seqconsulting.be\\\/fr\\\/#organization\",\"name\":\"SEQ Consulting\",\"url\":\"https:\\\/\\\/www.seqconsulting.be\\\/fr\\\/\",\"logo\":{\"@type\":\"ImageObject\",\"inLanguage\":\"fr-FR\",\"@id\":\"https:\\\/\\\/www.seqconsulting.be\\\/fr\\\/#\\\/schema\\\/logo\\\/image\\\/\",\"url\":\"https:\\\/\\\/www.seqconsulting.be\\\/wp-content\\\/uploads\\\/2021\\\/02\\\/SVGLogo.svg\",\"contentUrl\":\"https:\\\/\\\/www.seqconsulting.be\\\/wp-content\\\/uploads\\\/2021\\\/02\\\/SVGLogo.svg\",\"caption\":\"SEQ Consulting\"},\"image\":{\"@id\":\"https:\\\/\\\/www.seqconsulting.be\\\/fr\\\/#\\\/schema\\\/logo\\\/image\\\/\"}},{\"@type\":\"Person\",\"@id\":\"https:\\\/\\\/www.seqconsulting.be\\\/fr\\\/#\\\/schema\\\/person\\\/39636ae26b86d5db78798df53904c14d\",\"name\":\"SEQ\",\"image\":{\"@type\":\"ImageObject\",\"inLanguage\":\"fr-FR\",\"@id\":\"https:\\\/\\\/secure.gravatar.com\\\/avatar\\\/71349b98f1aafb8a648583dcb373f39b6308faff75fc49b0251f3f275e431893?s=96&d=mm&r=g\",\"url\":\"https:\\\/\\\/secure.gravatar.com\\\/avatar\\\/71349b98f1aafb8a648583dcb373f39b6308faff75fc49b0251f3f275e431893?s=96&d=mm&r=g\",\"contentUrl\":\"https:\\\/\\\/secure.gravatar.com\\\/avatar\\\/71349b98f1aafb8a648583dcb373f39b6308faff75fc49b0251f3f275e431893?s=96&d=mm&r=g\",\"caption\":\"SEQ\"},\"url\":\"https:\\\/\\\/www.seqconsulting.be\\\/fr\\\/author\\\/seq\\\/\"}]}<\/script>\n<!-- \/ Yoast SEO plugin. -->","yoast_head_json":{"title":"Les NTIC et jeunes agri-entrepreneurs en RDC - SEQ Consulting","robots":{"index":"index","follow":"follow","max-snippet":"max-snippet:-1","max-image-preview":"max-image-preview:large","max-video-preview":"max-video-preview:-1"},"canonical":"https:\/\/www.seqconsulting.be\/fr\/2021\/11\/les-ntic-et-jeunes-agri-entrepreneurs-en-rdc\/","og_locale":"fr_FR","og_type":"article","og_title":"Les NTIC et jeunes agri-entrepreneurs en RDC - SEQ Consulting","og_description":"La main d\u2019\u0153uvre jeune et qualifi\u00e9e devient de plus en plus absente dans le secteur agricole en RDC. La ru\u00e9e vers l\u2019exploitation artisanale des minerais accapare la jeunesse au d\u00e9triment de travaux agricoles. L\u2019Etat congolais n\u2019arrive toujours pas \u00e0 arr\u00eater une politique claire dans le domaine de l\u2019agropastoral. Malgr\u00e9 ses 75 millions des terres arables, [&hellip;]","og_url":"https:\/\/www.seqconsulting.be\/fr\/2021\/11\/les-ntic-et-jeunes-agri-entrepreneurs-en-rdc\/","og_site_name":"SEQ Consulting","article_published_time":"2021-11-09T19:04:58+00:00","article_modified_time":"2021-11-09T19:05:03+00:00","author":"SEQ","twitter_misc":{"\u00c9crit par":"SEQ","Dur\u00e9e de lecture estim\u00e9e":"3 minutes"},"schema":{"@context":"https:\/\/schema.org","@graph":[{"@type":"Article","@id":"https:\/\/www.seqconsulting.be\/fr\/2021\/11\/les-ntic-et-jeunes-agri-entrepreneurs-en-rdc\/#article","isPartOf":{"@id":"https:\/\/www.seqconsulting.be\/fr\/2021\/11\/les-ntic-et-jeunes-agri-entrepreneurs-en-rdc\/"},"author":{"name":"SEQ","@id":"https:\/\/www.seqconsulting.be\/fr\/#\/schema\/person\/39636ae26b86d5db78798df53904c14d"},"headline":"Les NTIC et jeunes agri-entrepreneurs en RDC","datePublished":"2021-11-09T19:04:58+00:00","dateModified":"2021-11-09T19:05:03+00:00","mainEntityOfPage":{"@id":"https:\/\/www.seqconsulting.be\/fr\/2021\/11\/les-ntic-et-jeunes-agri-entrepreneurs-en-rdc\/"},"wordCount":789,"publisher":{"@id":"https:\/\/www.seqconsulting.be\/fr\/#organization"},"articleSection":["Articles r\u00e9cents","Info"],"inLanguage":"fr-FR"},{"@type":"WebPage","@id":"https:\/\/www.seqconsulting.be\/fr\/2021\/11\/les-ntic-et-jeunes-agri-entrepreneurs-en-rdc\/","url":"https:\/\/www.seqconsulting.be\/fr\/2021\/11\/les-ntic-et-jeunes-agri-entrepreneurs-en-rdc\/","name":"Les NTIC et jeunes agri-entrepreneurs en RDC - SEQ Consulting","isPartOf":{"@id":"https:\/\/www.seqconsulting.be\/fr\/#website"},"datePublished":"2021-11-09T19:04:58+00:00","dateModified":"2021-11-09T19:05:03+00:00","breadcrumb":{"@id":"https:\/\/www.seqconsulting.be\/fr\/2021\/11\/les-ntic-et-jeunes-agri-entrepreneurs-en-rdc\/#breadcrumb"},"inLanguage":"fr-FR","potentialAction":[{"@type":"ReadAction","target":["https:\/\/www.seqconsulting.be\/fr\/2021\/11\/les-ntic-et-jeunes-agri-entrepreneurs-en-rdc\/"]}]},{"@type":"BreadcrumbList","@id":"https:\/\/www.seqconsulting.be\/fr\/2021\/11\/les-ntic-et-jeunes-agri-entrepreneurs-en-rdc\/#breadcrumb","itemListElement":[{"@type":"ListItem","position":1,"name":"Home","item":"https:\/\/www.seqconsulting.be\/fr\/"},{"@type":"ListItem","position":2,"name":"Les NTIC et jeunes agri-entrepreneurs en RDC"}]},{"@type":"WebSite","@id":"https:\/\/www.seqconsulting.be\/fr\/#website","url":"https:\/\/www.seqconsulting.be\/fr\/","name":"SEQ Consulting","description":"SEQ Consulting","publisher":{"@id":"https:\/\/www.seqconsulting.be\/fr\/#organization"},"potentialAction":[{"@type":"SearchAction","target":{"@type":"EntryPoint","urlTemplate":"https:\/\/www.seqconsulting.be\/fr\/?s={search_term_string}"},"query-input":{"@type":"PropertyValueSpecification","valueRequired":true,"valueName":"search_term_string"}}],"inLanguage":"fr-FR"},{"@type":"Organization","@id":"https:\/\/www.seqconsulting.be\/fr\/#organization","name":"SEQ Consulting","url":"https:\/\/www.seqconsulting.be\/fr\/","logo":{"@type":"ImageObject","inLanguage":"fr-FR","@id":"https:\/\/www.seqconsulting.be\/fr\/#\/schema\/logo\/image\/","url":"https:\/\/www.seqconsulting.be\/wp-content\/uploads\/2021\/02\/SVGLogo.svg","contentUrl":"https:\/\/www.seqconsulting.be\/wp-content\/uploads\/2021\/02\/SVGLogo.svg","caption":"SEQ Consulting"},"image":{"@id":"https:\/\/www.seqconsulting.be\/fr\/#\/schema\/logo\/image\/"}},{"@type":"Person","@id":"https:\/\/www.seqconsulting.be\/fr\/#\/schema\/person\/39636ae26b86d5db78798df53904c14d","name":"SEQ","image":{"@type":"ImageObject","inLanguage":"fr-FR","@id":"https:\/\/secure.gravatar.com\/avatar\/71349b98f1aafb8a648583dcb373f39b6308faff75fc49b0251f3f275e431893?s=96&d=mm&r=g","url":"https:\/\/secure.gravatar.com\/avatar\/71349b98f1aafb8a648583dcb373f39b6308faff75fc49b0251f3f275e431893?s=96&d=mm&r=g","contentUrl":"https:\/\/secure.gravatar.com\/avatar\/71349b98f1aafb8a648583dcb373f39b6308faff75fc49b0251f3f275e431893?s=96&d=mm&r=g","caption":"SEQ"},"url":"https:\/\/www.seqconsulting.be\/fr\/author\/seq\/"}]}},"_links":{"self":[{"href":"https:\/\/www.seqconsulting.be\/fr\/wp-json\/wp\/v2\/posts\/1646","targetHints":{"allow":["GET"]}}],"collection":[{"href":"https:\/\/www.seqconsulting.be\/fr\/wp-json\/wp\/v2\/posts"}],"about":[{"href":"https:\/\/www.seqconsulting.be\/fr\/wp-json\/wp\/v2\/types\/post"}],"author":[{"embeddable":true,"href":"https:\/\/www.seqconsulting.be\/fr\/wp-json\/wp\/v2\/users\/2"}],"replies":[{"embeddable":true,"href":"https:\/\/www.seqconsulting.be\/fr\/wp-json\/wp\/v2\/comments?post=1646"}],"version-history":[{"count":1,"href":"https:\/\/www.seqconsulting.be\/fr\/wp-json\/wp\/v2\/posts\/1646\/revisions"}],"predecessor-version":[{"id":1647,"href":"https:\/\/www.seqconsulting.be\/fr\/wp-json\/wp\/v2\/posts\/1646\/revisions\/1647"}],"wp:attachment":[{"href":"https:\/\/www.seqconsulting.be\/fr\/wp-json\/wp\/v2\/media?parent=1646"}],"wp:term":[{"taxonomy":"category","embeddable":true,"href":"https:\/\/www.seqconsulting.be\/fr\/wp-json\/wp\/v2\/categories?post=1646"},{"taxonomy":"post_tag","embeddable":true,"href":"https:\/\/www.seqconsulting.be\/fr\/wp-json\/wp\/v2\/tags?post=1646"}],"curies":[{"name":"wp","href":"https:\/\/api.w.org\/{rel}","templated":true}]}}