



 

{"id":1112,"date":"2021-04-02T14:22:13","date_gmt":"2021-04-02T12:22:13","guid":{"rendered":"https:\/\/www.seqconsulting.be\/?p=1112"},"modified":"2021-04-23T00:12:59","modified_gmt":"2021-04-22T22:12:59","slug":"editorial-le-numerique-au-secours-des-pauvres","status":"publish","type":"post","link":"https:\/\/www.seqconsulting.be\/fr\/2021\/04\/editorial-le-numerique-au-secours-des-pauvres\/","title":{"rendered":"Editorial:                                                          Le num\u00e9rique au secours des pauvres ?"},"content":{"rendered":"\n<p>La technologie a bien boulevers\u00e9 le monde entier dans le sens que la plan\u00e8te enti\u00e8re est devenue un petit village. La vitesse spectaculaire de la croissance de l\u2019\u00e9conomie mondiale, renforc\u00e9e par une rapide \u00e9volution des technologies, a \u00e9t\u00e9 in\u00e9dite. Elle a am\u00e9lior\u00e9 le bien-\u00eatre et le niveau de vie de milliards de personnes les plus pauvres.<\/p>\n\n\n\n<p>Depuis le XVIIIe si\u00e8cle, les soci\u00e9t\u00e9s occidentales entrent dans la modernit\u00e9. L\u2019humain se retire progressivement des croyances religieuses pour b\u00e2tir le progr\u00e8s humain sur la libert\u00e9 individuelle, la raison et la science. Le culte a c\u00e9d\u00e9 \u00e0 la culture. Dans le m\u00eame temps \u00e0 la transformation culturelle, la r\u00e9volution industrielle de la fin du XIXe si\u00e8cle se d\u00e9marque par son avanc\u00e9e radicale des sciences et des techniques, dont les cycles de d\u00e9veloppement technologique ont cr\u00e9\u00e9 des croissances \u00e9conomique, d\u00e9mographique et de progr\u00e8s. La religion cesse d\u2019avoir r\u00e9ponse \u00e0 tout au profit de la science qui engendre des progr\u00e8s technologiques incroyables.<\/p>\n\n\n\n<p>C\u2019est ainsi que l\u2019homme s\u2019affranchit des contraintes de la nature. La ma\u00eetrise du charbon et de la machine \u00e0 vapeur qui correspond \u00e0 la premi\u00e8re r\u00e9volution industrielle, puis du p\u00e9trole et de l\u2019\u00e9lectricit\u00e9 qui co\u00efncide avec la deuxi\u00e8me r\u00e9volution industrielle. Cette domestication de l\u2019\u00e9nergie a permis l\u2019accroissement de la productivit\u00e9 agricole. La bataille contre la faim a \u00e9t\u00e9 gagn\u00e9e en occident, \u00e0 la fois en amont et en aval. En amont, l\u2019agriculture b\u00e9n\u00e9ficie&nbsp; de la p\u00e9trochimie via l\u2019utilisation d\u2019intrants (engrais et produits phytosanitaires) permettant d\u2019augmenter la production. En aval, l\u2019industrie de transformation et de conservation alimentaire par l\u2019\u00e9nergie permet la diversification&nbsp; alimentaire et de garder des aliments pendant plus longtemps. Cette banque de l\u2019alimentation s\u2019impose comme une \u00ab&nbsp;arme&nbsp;\u00bb contre la faim.<\/p>\n\n\n\n<p>En m\u00eame temps les progr\u00e8s r\u00e9alis\u00e9s dans la m\u00e9decine engendre la chute de la mortalit\u00e9 et permet d\u2019enrayer les maladies infectieuses. Depuis Robert Koch et Louis Pasteur, les maladies sont d\u00e9finies par leurs causes et non pas par leurs sympt\u00f4mes. La distribution&nbsp;de l\u2019eau par l\u2019\u00e9nergie obtient une avanc\u00e9e colossale de l\u2019hygi\u00e8ne et cela sonne le d\u00e9but du progr\u00e8s spectaculaire en mati\u00e8re de sant\u00e9 publique. C\u2019est aussi le progr\u00e8s de l\u2019invention du mat\u00e9riel de laboratoire qui fait avancer le d\u00e9pistage des maladies et de la recherche des m\u00e9dicaments.<\/p>\n\n\n\n<p>Ces progr\u00e8s techniques consid\u00e9rables alors se traduisent par une expansion sans pr\u00e9c\u00e9dent de la population mondiale. Apr\u00e8s une lente croissance (de XIV \u00e0 la fin du XVIIe si\u00e8cle), elle va se multiplier par douze en trois si\u00e8cles, elle passe de 600 millions d\u2019\u00e2mes humaines en 1700 \u00e0 huit milliards en 2019. Depuis 1945, le monde s\u2019est transform\u00e9. L\u2019essor technique et humain est si rapide et g\u00e9n\u00e9ralis\u00e9 qu\u2019il a \u00e9t\u00e9 baptis\u00e9 de \u00ab&nbsp;grande acc\u00e9l\u00e9ration\u00bb. A partir de la fin de la deuxi\u00e8me guerre mondiale, les gens veulent &nbsp;\u00ab&nbsp;d\u00e9vorer&nbsp;\u00bb&nbsp; la vie. La population humaine a tripl\u00e9 et la consommation d\u2019\u00e9nergie se multiplie par six.&nbsp; Cette augmentation de la population s\u2019accompagne avec une acc\u00e9l\u00e9ration de la consommation. D\u00e9j\u00e0 le nombre de voitures particuli\u00e8res en circulation passe de 40 millions en 1945 \u00e0 1 milliard en 2019. Par extrapolation, on imagine que le nombre de voitures particuli\u00e8res est \u00e9galement en augmentation dans le monde.<\/p>\n\n\n\n<p>Mais c\u2019est la d\u00e9couverte de l\u2019internet et tout ce qui va avec, va bouleverser le monde&nbsp; entier au d\u00e9but des ann\u00e9es 1990. &nbsp;Aux &nbsp;milliards d\u2019ordinateurs portables qui sont vendus<s>,<\/s> <s>il <\/s>va s\u2019ajouter, \u00e0 partir de l\u2019ann\u00e9e 2018, des milliards de smart phones. A peine 10 ans plus t\u00f4t, Apple a commercialis\u00e9 1.4 milliards de smart phones, (Iphone) et en 2019 plus de trois milliards d\u2019individus poss\u00e9daient un smart phone. Une augmentation vertigineuse quand on sait que la dur\u00e9e de vie d\u2019un smart phone ne d\u00e9passe pas 2 ans. En effet, cela constitue un des enjeux majeurs de la production des smart phones, dont la production consomme plus de ressources naturelles avec un impact important sur l\u2019environnement et la stabilit\u00e9 des pays dits fragiles.<\/p>\n\n\n\n<p>Les progr\u00e8s technologiques ont aussi fait avancer les enqu\u00eates pour \u00e9lucider des crimes. Pratiquement \u00e0 part Xavier Dupont de Ligon\u00e8s, ce Fran\u00e7ais de Nantes, qui s\u2019est volatilis\u00e9, il y a 10 ans apr\u00e8s avoir massacr\u00e9 toute sa famille, tous les crimes sont r\u00e9solus gr\u00e2ce \u00e0 l\u2019indispensable d\u00e9veloppement technologique. Le t\u00e9l\u00e9phone portable et surtout les smart phones fournissent des premiers indices de crimes. Par la g\u00e9olocalisation un malfaiteur peut \u00eatre appr\u00e9hend\u00e9 gr\u00e2ce \u00e0 son propre t\u00e9l\u00e9phone portable.<\/p>\n\n\n\n<p>D\u2019autres outils en miniature sont utilis\u00e9s pour tracer, traquer et m\u00eame d\u00e9crypter des malfaiteurs. Des cameras de surveillances nich\u00e9es &nbsp;\u00e0 tous les coins de rue sont des outils pr\u00e9f\u00e9r\u00e9s des enqu\u00eateurs de la police criminelle. Toutes les cartes \u00e0 puce que nous utilisons pour la banque, le bus et comme carte d\u2019identit\u00e9 peuvent donner des indications sur nos mouvements, nos fr\u00e9quentations et d\u00e9molir un alibi en une fraction de seconde. Mais c\u2019est les empreintes g\u00e9n\u00e9tiques qui constituent la plus grande d\u00e9couverte dans la lutte contre la criminalit\u00e9. L\u2019ADN trouv\u00e9 sur le lieu du crime est une preuve sans appel.<\/p>\n\n\n\n<p>Les avanc\u00e9es technologiques, qui nous permettent facilement et rapidement d\u2019avoir acc\u00e8s \u00e0 nos besoins, notamment le compte en banque ou aux donn\u00e9es sur internet, facilitent nos vies. Mais, elles peuvent \u00eatre, \u00e9galement, utilis\u00e9es pour nous espionner, nous \u00e9pier voire m\u00eame s\u2019inviter dans notre vie priv\u00e9e. Et pourtant, nous n\u2019en avons encore fini avec ce progr\u00e8s technologique. Bient\u00f4t, les petits gadgets produits par une intelligence artificielle vont faire partie de nos vies. Probablement que de minuscules petits gadgets pourront \u00eatre utilis\u00e9s pour explorer nos corps et donner des alertes contre certaines maladies, comme, notamment les cancers malins. Les avions pourront se piloter en automatique et, d\u2019autres d\u00e9couvertes, toutes aussi surprenantes que n\u00e9cessaires devraient voir le jour.<\/p>\n\n\n\n<p>Toutefois, le monde reste toujours domin\u00e9 par des disparit\u00e9s de richesses. Certains pays plus riches concentrent les bienfaits de ces avanc\u00e9es technologiques, au moment o\u00f9, d\u2019autres n\u2019arrivent pas \u00e0 sortir de l\u2019\u00e8re de la pierre taill\u00e9e. Dans plusieurs pays africains peu de citoyens r\u00e9ussissent \u00e0 se payer un smart phone. Parfois, son prix d\u00e9passe un salaire d\u2019un fonctionnaire moyen dipl\u00f4m\u00e9 d\u2019universit\u00e9. Face \u00e0 cette in\u00e9galit\u00e9, <s>Et<\/s> ils se lancent \u00e0 la d\u00e9brouille. Ils reprennent des t\u00e9l\u00e9phones de seconde main, ou ils se rabattent sur des t\u00e9l\u00e9phones de mauvaise qualit\u00e9 et moins chers, produits en Chine pour les pauvres. Ces progr\u00e8s de la technologie qui ont permis des merveilles \u00e0 l\u2019humanit\u00e9 seront-ils au rendez-vous de l\u2019histoire avec l\u2019Afrique&nbsp;? Vont-ils venir \u00e0 l\u2019aide de l\u2019Afrique pour lutter contre ses fl\u00e9aux&nbsp;: la faim, la sant\u00e9, le ch\u00f4mage, la corruption, le crime d\u2019Etat, les violations des droits de l\u2019homme, l\u2019injustice\u2026? Ce site se propose de faire l\u2019\u00e9tat des lieux des progr\u00e8s de la technologie dans certaines contr\u00e9es africaines et d\u2019explorer les secteurs prioritaires \u00e0 d\u00e9velopper pour un bien-\u00eatre du peuple en Afrique.&nbsp; &nbsp;&nbsp;&nbsp;&nbsp;&nbsp;&nbsp;<\/p>\n\n\n\n<p><\/p>\n\n\n\n<p><\/p>\n","protected":false},"excerpt":{"rendered":"<p>La technologie a bien boulevers\u00e9 le monde entier dans le sens que la plan\u00e8te enti\u00e8re est devenue un petit village. La vitesse spectaculaire de la croissance de l\u2019\u00e9conomie mondiale, renforc\u00e9e par une rapide \u00e9volution des technologies, a \u00e9t\u00e9 in\u00e9dite. Elle a am\u00e9lior\u00e9 le bien-\u00eatre et le niveau de vie de milliards de personnes les plus [&hellip;]<\/p>\n","protected":false},"author":1,"featured_media":0,"comment_status":"closed","ping_status":"closed","sticky":false,"template":"","format":"standard","meta":{"_acf_changed":false,"footnotes":""},"categories":[45,42],"tags":[],"class_list":["post-1112","post","type-post","status-publish","format-standard","hentry","category-articles-recents","category-info-fr"],"acf":[],"yoast_head":"<!-- This site is optimized with the Yoast SEO plugin v27.5 - https:\/\/yoast.com\/product\/yoast-seo-wordpress\/ -->\n<title>Editorial:                             Le num\u00e9rique au secours des pauvres ? - SEQ Consulting<\/title>\n<meta name=\"robots\" content=\"index, follow, max-snippet:-1, max-image-preview:large, max-video-preview:-1\" \/>\n<link rel=\"canonical\" href=\"https:\/\/www.seqconsulting.be\/fr\/2021\/04\/editorial-le-numerique-au-secours-des-pauvres\/\" \/>\n<meta property=\"og:locale\" content=\"fr_FR\" \/>\n<meta property=\"og:type\" content=\"article\" \/>\n<meta property=\"og:title\" content=\"Editorial:                             Le num\u00e9rique au secours des pauvres ? - SEQ Consulting\" \/>\n<meta property=\"og:description\" content=\"La technologie a bien boulevers\u00e9 le monde entier dans le sens que la plan\u00e8te enti\u00e8re est devenue un petit village. La vitesse spectaculaire de la croissance de l\u2019\u00e9conomie mondiale, renforc\u00e9e par une rapide \u00e9volution des technologies, a \u00e9t\u00e9 in\u00e9dite. Elle a am\u00e9lior\u00e9 le bien-\u00eatre et le niveau de vie de milliards de personnes les plus [&hellip;]\" \/>\n<meta property=\"og:url\" content=\"https:\/\/www.seqconsulting.be\/fr\/2021\/04\/editorial-le-numerique-au-secours-des-pauvres\/\" \/>\n<meta property=\"og:site_name\" content=\"SEQ Consulting\" \/>\n<meta property=\"article:published_time\" content=\"2021-04-02T12:22:13+00:00\" \/>\n<meta property=\"article:modified_time\" content=\"2021-04-22T22:12:59+00:00\" \/>\n<meta name=\"author\" content=\"admin\" \/>\n<meta name=\"twitter:label1\" content=\"\u00c9crit par\" \/>\n\t<meta name=\"twitter:data1\" content=\"admin\" \/>\n\t<meta name=\"twitter:label2\" content=\"Dur\u00e9e de lecture estim\u00e9e\" \/>\n\t<meta name=\"twitter:data2\" content=\"5 minutes\" \/>\n<script type=\"application\/ld+json\" class=\"yoast-schema-graph\">{\"@context\":\"https:\\\/\\\/schema.org\",\"@graph\":[{\"@type\":\"Article\",\"@id\":\"https:\\\/\\\/www.seqconsulting.be\\\/fr\\\/2021\\\/04\\\/editorial-le-numerique-au-secours-des-pauvres\\\/#article\",\"isPartOf\":{\"@id\":\"https:\\\/\\\/www.seqconsulting.be\\\/fr\\\/2021\\\/04\\\/editorial-le-numerique-au-secours-des-pauvres\\\/\"},\"author\":{\"name\":\"admin\",\"@id\":\"https:\\\/\\\/www.seqconsulting.be\\\/fr\\\/#\\\/schema\\\/person\\\/5fc6bd151f8457dfba889cba02565b3f\"},\"headline\":\"Editorial: Le num\u00e9rique au secours des pauvres ?\",\"datePublished\":\"2021-04-02T12:22:13+00:00\",\"dateModified\":\"2021-04-22T22:12:59+00:00\",\"mainEntityOfPage\":{\"@id\":\"https:\\\/\\\/www.seqconsulting.be\\\/fr\\\/2021\\\/04\\\/editorial-le-numerique-au-secours-des-pauvres\\\/\"},\"wordCount\":1295,\"publisher\":{\"@id\":\"https:\\\/\\\/www.seqconsulting.be\\\/fr\\\/#organization\"},\"articleSection\":[\"Articles r\u00e9cents\",\"Info\"],\"inLanguage\":\"fr-FR\"},{\"@type\":\"WebPage\",\"@id\":\"https:\\\/\\\/www.seqconsulting.be\\\/fr\\\/2021\\\/04\\\/editorial-le-numerique-au-secours-des-pauvres\\\/\",\"url\":\"https:\\\/\\\/www.seqconsulting.be\\\/fr\\\/2021\\\/04\\\/editorial-le-numerique-au-secours-des-pauvres\\\/\",\"name\":\"Editorial: Le num\u00e9rique au secours des pauvres ? - SEQ Consulting\",\"isPartOf\":{\"@id\":\"https:\\\/\\\/www.seqconsulting.be\\\/fr\\\/#website\"},\"datePublished\":\"2021-04-02T12:22:13+00:00\",\"dateModified\":\"2021-04-22T22:12:59+00:00\",\"breadcrumb\":{\"@id\":\"https:\\\/\\\/www.seqconsulting.be\\\/fr\\\/2021\\\/04\\\/editorial-le-numerique-au-secours-des-pauvres\\\/#breadcrumb\"},\"inLanguage\":\"fr-FR\",\"potentialAction\":[{\"@type\":\"ReadAction\",\"target\":[\"https:\\\/\\\/www.seqconsulting.be\\\/fr\\\/2021\\\/04\\\/editorial-le-numerique-au-secours-des-pauvres\\\/\"]}]},{\"@type\":\"BreadcrumbList\",\"@id\":\"https:\\\/\\\/www.seqconsulting.be\\\/fr\\\/2021\\\/04\\\/editorial-le-numerique-au-secours-des-pauvres\\\/#breadcrumb\",\"itemListElement\":[{\"@type\":\"ListItem\",\"position\":1,\"name\":\"Home\",\"item\":\"https:\\\/\\\/www.seqconsulting.be\\\/fr\\\/\"},{\"@type\":\"ListItem\",\"position\":2,\"name\":\"Editorial: Le num\u00e9rique au secours des pauvres ?\"}]},{\"@type\":\"WebSite\",\"@id\":\"https:\\\/\\\/www.seqconsulting.be\\\/fr\\\/#website\",\"url\":\"https:\\\/\\\/www.seqconsulting.be\\\/fr\\\/\",\"name\":\"SEQ Consulting\",\"description\":\"SEQ Consulting\",\"publisher\":{\"@id\":\"https:\\\/\\\/www.seqconsulting.be\\\/fr\\\/#organization\"},\"potentialAction\":[{\"@type\":\"SearchAction\",\"target\":{\"@type\":\"EntryPoint\",\"urlTemplate\":\"https:\\\/\\\/www.seqconsulting.be\\\/fr\\\/?s={search_term_string}\"},\"query-input\":{\"@type\":\"PropertyValueSpecification\",\"valueRequired\":true,\"valueName\":\"search_term_string\"}}],\"inLanguage\":\"fr-FR\"},{\"@type\":\"Organization\",\"@id\":\"https:\\\/\\\/www.seqconsulting.be\\\/fr\\\/#organization\",\"name\":\"SEQ Consulting\",\"url\":\"https:\\\/\\\/www.seqconsulting.be\\\/fr\\\/\",\"logo\":{\"@type\":\"ImageObject\",\"inLanguage\":\"fr-FR\",\"@id\":\"https:\\\/\\\/www.seqconsulting.be\\\/fr\\\/#\\\/schema\\\/logo\\\/image\\\/\",\"url\":\"https:\\\/\\\/www.seqconsulting.be\\\/wp-content\\\/uploads\\\/2021\\\/02\\\/SVGLogo.svg\",\"contentUrl\":\"https:\\\/\\\/www.seqconsulting.be\\\/wp-content\\\/uploads\\\/2021\\\/02\\\/SVGLogo.svg\",\"caption\":\"SEQ Consulting\"},\"image\":{\"@id\":\"https:\\\/\\\/www.seqconsulting.be\\\/fr\\\/#\\\/schema\\\/logo\\\/image\\\/\"}},{\"@type\":\"Person\",\"@id\":\"https:\\\/\\\/www.seqconsulting.be\\\/fr\\\/#\\\/schema\\\/person\\\/5fc6bd151f8457dfba889cba02565b3f\",\"name\":\"admin\",\"image\":{\"@type\":\"ImageObject\",\"inLanguage\":\"fr-FR\",\"@id\":\"https:\\\/\\\/secure.gravatar.com\\\/avatar\\\/8d620a9ca860b1998655f4ebe8ed1d63b8582cc84c190f53f6739619fb8e5a8b?s=96&d=mm&r=g\",\"url\":\"https:\\\/\\\/secure.gravatar.com\\\/avatar\\\/8d620a9ca860b1998655f4ebe8ed1d63b8582cc84c190f53f6739619fb8e5a8b?s=96&d=mm&r=g\",\"contentUrl\":\"https:\\\/\\\/secure.gravatar.com\\\/avatar\\\/8d620a9ca860b1998655f4ebe8ed1d63b8582cc84c190f53f6739619fb8e5a8b?s=96&d=mm&r=g\",\"caption\":\"admin\"},\"url\":\"https:\\\/\\\/www.seqconsulting.be\\\/fr\\\/author\\\/aceview\\\/\"}]}<\/script>\n<!-- \/ Yoast SEO plugin. -->","yoast_head_json":{"title":"Editorial:                             Le num\u00e9rique au secours des pauvres ? - SEQ Consulting","robots":{"index":"index","follow":"follow","max-snippet":"max-snippet:-1","max-image-preview":"max-image-preview:large","max-video-preview":"max-video-preview:-1"},"canonical":"https:\/\/www.seqconsulting.be\/fr\/2021\/04\/editorial-le-numerique-au-secours-des-pauvres\/","og_locale":"fr_FR","og_type":"article","og_title":"Editorial:                             Le num\u00e9rique au secours des pauvres ? - SEQ Consulting","og_description":"La technologie a bien boulevers\u00e9 le monde entier dans le sens que la plan\u00e8te enti\u00e8re est devenue un petit village. La vitesse spectaculaire de la croissance de l\u2019\u00e9conomie mondiale, renforc\u00e9e par une rapide \u00e9volution des technologies, a \u00e9t\u00e9 in\u00e9dite. Elle a am\u00e9lior\u00e9 le bien-\u00eatre et le niveau de vie de milliards de personnes les plus [&hellip;]","og_url":"https:\/\/www.seqconsulting.be\/fr\/2021\/04\/editorial-le-numerique-au-secours-des-pauvres\/","og_site_name":"SEQ Consulting","article_published_time":"2021-04-02T12:22:13+00:00","article_modified_time":"2021-04-22T22:12:59+00:00","author":"admin","twitter_misc":{"\u00c9crit par":"admin","Dur\u00e9e de lecture estim\u00e9e":"5 minutes"},"schema":{"@context":"https:\/\/schema.org","@graph":[{"@type":"Article","@id":"https:\/\/www.seqconsulting.be\/fr\/2021\/04\/editorial-le-numerique-au-secours-des-pauvres\/#article","isPartOf":{"@id":"https:\/\/www.seqconsulting.be\/fr\/2021\/04\/editorial-le-numerique-au-secours-des-pauvres\/"},"author":{"name":"admin","@id":"https:\/\/www.seqconsulting.be\/fr\/#\/schema\/person\/5fc6bd151f8457dfba889cba02565b3f"},"headline":"Editorial: Le num\u00e9rique au secours des pauvres ?","datePublished":"2021-04-02T12:22:13+00:00","dateModified":"2021-04-22T22:12:59+00:00","mainEntityOfPage":{"@id":"https:\/\/www.seqconsulting.be\/fr\/2021\/04\/editorial-le-numerique-au-secours-des-pauvres\/"},"wordCount":1295,"publisher":{"@id":"https:\/\/www.seqconsulting.be\/fr\/#organization"},"articleSection":["Articles r\u00e9cents","Info"],"inLanguage":"fr-FR"},{"@type":"WebPage","@id":"https:\/\/www.seqconsulting.be\/fr\/2021\/04\/editorial-le-numerique-au-secours-des-pauvres\/","url":"https:\/\/www.seqconsulting.be\/fr\/2021\/04\/editorial-le-numerique-au-secours-des-pauvres\/","name":"Editorial: Le num\u00e9rique au secours des pauvres ? - SEQ Consulting","isPartOf":{"@id":"https:\/\/www.seqconsulting.be\/fr\/#website"},"datePublished":"2021-04-02T12:22:13+00:00","dateModified":"2021-04-22T22:12:59+00:00","breadcrumb":{"@id":"https:\/\/www.seqconsulting.be\/fr\/2021\/04\/editorial-le-numerique-au-secours-des-pauvres\/#breadcrumb"},"inLanguage":"fr-FR","potentialAction":[{"@type":"ReadAction","target":["https:\/\/www.seqconsulting.be\/fr\/2021\/04\/editorial-le-numerique-au-secours-des-pauvres\/"]}]},{"@type":"BreadcrumbList","@id":"https:\/\/www.seqconsulting.be\/fr\/2021\/04\/editorial-le-numerique-au-secours-des-pauvres\/#breadcrumb","itemListElement":[{"@type":"ListItem","position":1,"name":"Home","item":"https:\/\/www.seqconsulting.be\/fr\/"},{"@type":"ListItem","position":2,"name":"Editorial: Le num\u00e9rique au secours des pauvres ?"}]},{"@type":"WebSite","@id":"https:\/\/www.seqconsulting.be\/fr\/#website","url":"https:\/\/www.seqconsulting.be\/fr\/","name":"SEQ Consulting","description":"SEQ Consulting","publisher":{"@id":"https:\/\/www.seqconsulting.be\/fr\/#organization"},"potentialAction":[{"@type":"SearchAction","target":{"@type":"EntryPoint","urlTemplate":"https:\/\/www.seqconsulting.be\/fr\/?s={search_term_string}"},"query-input":{"@type":"PropertyValueSpecification","valueRequired":true,"valueName":"search_term_string"}}],"inLanguage":"fr-FR"},{"@type":"Organization","@id":"https:\/\/www.seqconsulting.be\/fr\/#organization","name":"SEQ Consulting","url":"https:\/\/www.seqconsulting.be\/fr\/","logo":{"@type":"ImageObject","inLanguage":"fr-FR","@id":"https:\/\/www.seqconsulting.be\/fr\/#\/schema\/logo\/image\/","url":"https:\/\/www.seqconsulting.be\/wp-content\/uploads\/2021\/02\/SVGLogo.svg","contentUrl":"https:\/\/www.seqconsulting.be\/wp-content\/uploads\/2021\/02\/SVGLogo.svg","caption":"SEQ Consulting"},"image":{"@id":"https:\/\/www.seqconsulting.be\/fr\/#\/schema\/logo\/image\/"}},{"@type":"Person","@id":"https:\/\/www.seqconsulting.be\/fr\/#\/schema\/person\/5fc6bd151f8457dfba889cba02565b3f","name":"admin","image":{"@type":"ImageObject","inLanguage":"fr-FR","@id":"https:\/\/secure.gravatar.com\/avatar\/8d620a9ca860b1998655f4ebe8ed1d63b8582cc84c190f53f6739619fb8e5a8b?s=96&d=mm&r=g","url":"https:\/\/secure.gravatar.com\/avatar\/8d620a9ca860b1998655f4ebe8ed1d63b8582cc84c190f53f6739619fb8e5a8b?s=96&d=mm&r=g","contentUrl":"https:\/\/secure.gravatar.com\/avatar\/8d620a9ca860b1998655f4ebe8ed1d63b8582cc84c190f53f6739619fb8e5a8b?s=96&d=mm&r=g","caption":"admin"},"url":"https:\/\/www.seqconsulting.be\/fr\/author\/aceview\/"}]}},"_links":{"self":[{"href":"https:\/\/www.seqconsulting.be\/fr\/wp-json\/wp\/v2\/posts\/1112","targetHints":{"allow":["GET"]}}],"collection":[{"href":"https:\/\/www.seqconsulting.be\/fr\/wp-json\/wp\/v2\/posts"}],"about":[{"href":"https:\/\/www.seqconsulting.be\/fr\/wp-json\/wp\/v2\/types\/post"}],"author":[{"embeddable":true,"href":"https:\/\/www.seqconsulting.be\/fr\/wp-json\/wp\/v2\/users\/1"}],"replies":[{"embeddable":true,"href":"https:\/\/www.seqconsulting.be\/fr\/wp-json\/wp\/v2\/comments?post=1112"}],"version-history":[{"count":2,"href":"https:\/\/www.seqconsulting.be\/fr\/wp-json\/wp\/v2\/posts\/1112\/revisions"}],"predecessor-version":[{"id":1114,"href":"https:\/\/www.seqconsulting.be\/fr\/wp-json\/wp\/v2\/posts\/1112\/revisions\/1114"}],"wp:attachment":[{"href":"https:\/\/www.seqconsulting.be\/fr\/wp-json\/wp\/v2\/media?parent=1112"}],"wp:term":[{"taxonomy":"category","embeddable":true,"href":"https:\/\/www.seqconsulting.be\/fr\/wp-json\/wp\/v2\/categories?post=1112"},{"taxonomy":"post_tag","embeddable":true,"href":"https:\/\/www.seqconsulting.be\/fr\/wp-json\/wp\/v2\/tags?post=1112"}],"curies":[{"name":"wp","href":"https:\/\/api.w.org\/{rel}","templated":true}]}}